{"id":998241,"date":"2026-09-04T14:02:49","date_gmt":"2026-09-04T13:02:49","guid":{"rendered":"http:\/\/sashomestaging.com\/de\/?p=998241"},"modified":"2026-09-04T14:03:46","modified_gmt":"2026-09-04T13:03:46","slug":"festas-do-mar-em-cascais-2026-o-melhor-do-verao","status":"publish","type":"post","link":"https:\/\/sashomestaging.com\/de\/festas-do-mar-em-cascais-2026-o-melhor-do-verao\/","title":{"rendered":"Festas do Mar em Cascais 2026 o Melhor do Ver\u00e3o"},"content":{"rendered":"<div class=\"vgblk-rw-wrapper limit-wrapper\">\n<h1>Festas do Mar em Cascais 2026 o Melhor do Ver\u00e3o<\/h1>\n<p>No final de cada ver\u00e3o, a ba\u00eda de Cascais enche-se de m\u00fasica com as conhecidas Festas do Mar. Esta festa combina devo\u00e7\u00e3o e divers\u00e3o, tudo com entrada gratuita. Neste guia explicamos o essencial antes de ir.<\/p>\n<p>Realizadas junto ao mar, estas celebra\u00e7\u00f5es t\u00eam origem na liga\u00e7\u00e3o de Cascais ao mar. Durante cerca de dez dias, o programa alterna noites de festa e momentos solenes.<\/p>\n<p>Com origem nas romarias do mar, o evento transformaram-se a ponto de constitu\u00edrem uma refer\u00eancia nacional. A cada edi\u00e7\u00e3o, recebem gente de todo o lado.<\/p>\n<h2>As Datas Confirmadas Este Ano<\/h2>\n<p>Por h\u00e1bito, o evento decorrem nas \u00faltimas semanas de agosto, prolongando-se por v\u00e1rios dias seguidos. Trata-se de a \u00faltima grande celebra\u00e7\u00e3o da esta\u00e7\u00e3o no concelho.<\/p>\n<p>Para n\u00e3o falhar, conv\u00e9m confirmar as datas exatas assim que forem divulgadas. Em regra, os dias de maior enchente atraem mais gente.<\/p>\n<p>Um pormenor importante \u00e9 que, por acontecerem no ver\u00e3o, as Festas do Mar d\u00e3o a oportunidade de combinar sol de dia e m\u00fasica \u00e0 noite. Para quem vem de longe, serve de motivo para conhecer a vila.<\/p>\n<p>Por tradi\u00e7\u00e3o, o evento estendem-se por o encerramento do m\u00eas. Para n\u00e3o haver enganos, a recomenda\u00e7\u00e3o ser\u00e1 verificar o site oficial, que divulga o calend\u00e1rio.<\/p>\n<p>Planear com anteced\u00eancia garante que se pode organizar a boleia ou o comboio. Afinal, as datas mais fortes atraem multid\u00f5es.<\/p>\n<h2>Onde Assistir aos Concertos sem Complica\u00e7\u00f5es<\/h2>\n<p>Perceber onde ver \u00e9 meio caminho andado. Os concertos acontecem junto ao mar, num espa\u00e7o amplo e de acesso livre. Chegar cedo permite ter um bom lugar.<\/p>\n<p>Um trunfo do recinto \u00e9 a paisagem: as luzes sobre a \u00e1gua ficam na mem\u00f3ria. Quem procura apenas passear n\u00e3o se arrepende.<\/p>\n<p>Se n\u00e3o houver alternativa ao carro, importa avisar que estacionar pode ser dif\u00edcil durante o evento. Chegar cedo revela-se a melhor forma de evitar frustra\u00e7\u00f5es.<\/p>\n<p>Qualquer que seja a op\u00e7\u00e3o, o importante \u00e9 viver o espet\u00e1culo em pleno. Chegar preparado garante uma noite perfeita.<\/p>\n<p>Sobre como ir, a escolha mais sensata passa por a linha ferrovi\u00e1ria. A quem chega da capital, deixar o autom\u00f3vel em casa \u00e9 a decis\u00e3o mais acertada.<\/p>\n<p>Vir sem carro \u00e9 f\u00e1cil. Eis o caminho:<\/p>\n<ol>\n<li>Entrar na linha de Cascais at\u00e9 ao terminal.<\/li>\n<li>Desembarcar em Cascais, junto ao centro.<\/li>\n<li>Andar poucos minutos at\u00e9 ao mar, a curta dist\u00e2ncia.<\/li>\n<li>Encontrar o melhor lugar e desfrutar dos concertos.<\/li>\n<\/ol>\n<h2>A Programa\u00e7\u00e3o Ao Detalhe<\/h2>\n<p>Muito al\u00e9m dos concertos, o alinhamento do evento abrange iniciativas diversas. Da tradicional prociss\u00e3o \u00e0s luzes sobre o mar, nunca falta anima\u00e7\u00e3o.<\/p>\n<p>Para uma noite tranquila a noite, deixamos alguns conselhos:<\/p>\n<ul>\n<li>Vestir algo quente, porque o vento atl\u00e2ntico faz-se sentir.<\/li>\n<li>Cal\u00e7ar sapatos confort\u00e1veis, j\u00e1 que se fica muito tempo de p\u00e9.<\/li>\n<li>Chegar com anteced\u00eancia, para evitar as maiores enchentes.<\/li>\n<li>Provar a comida local, entre a Cidadela e o jardim.<\/li>\n<\/ul>\n<p>O espa\u00e7o de restaura\u00e7\u00e3o representa paragem obrigat\u00f3ria do evento. Entre a Cidadela e o jardim, h\u00e1 muito para provar, da comida tradicional aos petiscos.<\/p>\n<p>Espreitar as lojas de rua fecha a noite, para os que apreciam algo t\u00edpico do evento.<\/p>\n<p>Para os mi\u00fados, as atividades para crian\u00e7as reserva divers\u00e3o garantida. Conhe\u00e7a os <a href=\"https:\/\/znaki.fm\/pt\/events\/festas-do-mar\/\">novos talentos no Palco Super Bock das Festas do Mar<\/a> antes de escolher a noite.<\/p>\n<p>As componentes mais solenes conferem ao evento profundidade. A vertente religiosa evoca a liga\u00e7\u00e3o de Cascais ao Atl\u00e2ntico, lado a lado com a euforia dos palcos.<\/p>\n<h3>Os Palcos das Festas<\/h3>\n<p>As Festas do Mar organiza-se por v\u00e1rios palcos. O palco de maior dimens\u00e3o recebe os grandes nomes, j\u00e1 espa\u00e7os mais pequenos reservam lugar a artistas emergentes.<\/p>\n<p>Ter mais do que um palco permite circular entre atua\u00e7\u00f5es. Para os visitantes, resulta numa noite mais rica, com liberdade para circular.<\/p>\n<h2>O Cartaz das Festas do Mar<\/h2>\n<p>A programa\u00e7\u00e3o musical revela-se o que mais p\u00fablico atrai deste evento. De ano para ano, atuam nomes sonantes da m\u00fasica portuguesa e internacional.<\/p>\n<p>Entre os nomes que habitualmente marcam presen\u00e7a, podem surgir artistas populares junto do p\u00fablico portugu\u00eas. Note-se, por\u00e9m que o cartaz definitivo \u00e9 anunciado pela organiza\u00e7\u00e3o ao aproximar-se a data.<\/p>\n<p>O ecletismo do cartaz constitui um tra\u00e7o distintivo deste evento. Do pop nacional ao rock, h\u00e1 concertos para todos os gostos. Esta abrang\u00eancia explica as enchentes todos os anos.<\/p>\n<p>Ter acesso livre a este cartaz torna-se um verdadeiro luxo, especialmente face aos pre\u00e7os dos concertos.<\/p>\n<p>Ao longo dos anos, a festa acolheu artistas de renome do panorama nacional e internacional. De ano para ano traz surpresas, preservando a curiosidade.<\/p>\n<h2>Conclus\u00e3o sobre este Evento<\/h2>\n<p>Esta celebra\u00e7\u00e3o representam uma festa para toda a fam\u00edlia. Abertas a todos, m\u00fasica, tradi\u00e7\u00e3o e mar encontram-se na deslumbrante ba\u00eda de Cascais. Pela tradi\u00e7\u00e3o ou pela festa, merece uma ida. Prepare-se ent\u00e3o para dizer adeus a agosto com m\u00fasica.<\/p>\n<p>Caso nunca tenha ido, eis a recomenda\u00e7\u00e3o de reservar uma noite na agenda. Muito provavelmente n\u00e3o sair\u00e1 insatisfeito, pela magia do ambiente.<\/p>\n<p>Acima de tudo, esta festa significam a forma perfeita de despedir o ver\u00e3o. Cultura e divers\u00e3o num s\u00f3 lugar, e tudo de gra\u00e7a.<\/p>\n<\/div>\n<p><!-- .vgblk-rw-wrapper --><\/p>","protected":false},"excerpt":{"rendered":"<p>Festas do Mar em Cascais 2026 o Melhor do Ver\u00e3o No final de cada ver\u00e3o, a ba\u00eda de Cascais enche-se de m\u00fasica com as conhecidas Festas do Mar. Esta festa combina devo\u00e7\u00e3o e divers\u00e3o, tudo com entrada gratuita. Neste guia explicamos o essencial antes de ir. Realizadas junto ao mar, estas celebra\u00e7\u00f5es t\u00eam origem na&#8230;<\/p>","protected":false},"author":1,"featured_media":0,"comment_status":"open","ping_status":"open","sticky":false,"template":"","format":"standard","meta":{"content-type":"","footnotes":""},"categories":[3],"tags":[],"class_list":["post-998241","post","type-post","status-publish","format-standard","hentry","category-blog"],"yoast_head":"<!-- This site is optimized with the Yoast SEO plugin v28.4 - https:\/\/yoast.com\/product\/yoast-seo-wordpress\/ -->\n<title>Festas do Mar em Cascais 2026 o Melhor do Ver\u00e3o - SAS Homestaging GmbH<\/title>\n<meta name=\"robots\" content=\"index, follow, max-snippet:-1, max-image-preview:large, max-video-preview:-1\" \/>\n<link rel=\"canonical\" href=\"http:\/\/sashomestaging.com\/de\/festas-do-mar-em-cascais-2026-o-melhor-do-verao\/\" \/>\n<meta property=\"og:locale\" content=\"de_DE\" \/>\n<meta property=\"og:type\" content=\"article\" \/>\n<meta property=\"og:title\" content=\"Festas do Mar em Cascais 2026 o Melhor do Ver\u00e3o - SAS Homestaging GmbH\" \/>\n<meta property=\"og:description\" content=\"Festas do Mar em Cascais 2026 o Melhor do Ver\u00e3o No final de cada ver\u00e3o, a ba\u00eda de Cascais enche-se de m\u00fasica com as conhecidas Festas do Mar. Esta festa combina devo\u00e7\u00e3o e divers\u00e3o, tudo com entrada gratuita. Neste guia explicamos o essencial antes de ir. Realizadas junto ao mar, estas celebra\u00e7\u00f5es t\u00eam origem na...\" \/>\n<meta property=\"og:url\" content=\"http:\/\/sashomestaging.com\/de\/festas-do-mar-em-cascais-2026-o-melhor-do-verao\/\" \/>\n<meta property=\"og:site_name\" content=\"SAS Homestaging GmbH\" \/>\n<meta property=\"article:publisher\" content=\"https:\/\/www.facebook.com\/sashomestaging\" \/>\n<meta property=\"article:author\" content=\"https:\/\/www.facebook.com\/sashomestaging\" \/>\n<meta property=\"article:published_time\" content=\"2026-09-04T13:02:49+00:00\" \/>\n<meta property=\"article:modified_time\" content=\"2026-09-04T13:03:46+00:00\" \/>\n<meta name=\"author\" content=\"admin\" \/>\n<meta name=\"twitter:card\" content=\"summary_large_image\" \/>\n<meta name=\"twitter:label1\" content=\"Verfasst von\" \/>\n\t<meta name=\"twitter:data1\" content=\"admin\" \/>\n\t<meta name=\"twitter:label2\" content=\"Gesch\u00e4tzte Lesezeit\" \/>\n\t<meta name=\"twitter:data2\" content=\"5\u00a0Minuten\" \/>\n<script type=\"application\/ld+json\" class=\"yoast-schema-graph\">{\"@context\":\"https:\\\/\\\/schema.org\",\"@graph\":[{\"@type\":\"Article\",\"@id\":\"http:\\\/\\\/sashomestaging.com\\\/de\\\/festas-do-mar-em-cascais-2026-o-melhor-do-verao\\\/#article\",\"isPartOf\":{\"@id\":\"http:\\\/\\\/sashomestaging.com\\\/de\\\/festas-do-mar-em-cascais-2026-o-melhor-do-verao\\\/\"},\"author\":{\"name\":\"admin\",\"@id\":\"https:\\\/\\\/sashomestaging.com\\\/#\\\/schema\\\/person\\\/f31cc2f4c1ea59c6007b14c2598cfbb1\"},\"headline\":\"Festas do Mar em Cascais 2026 o Melhor do Ver\u00e3o\",\"datePublished\":\"2026-09-04T13:02:49+00:00\",\"dateModified\":\"2026-09-04T13:03:46+00:00\",\"mainEntityOfPage\":{\"@id\":\"http:\\\/\\\/sashomestaging.com\\\/de\\\/festas-do-mar-em-cascais-2026-o-melhor-do-verao\\\/\"},\"wordCount\":921,\"commentCount\":0,\"publisher\":{\"@id\":\"https:\\\/\\\/sashomestaging.com\\\/#organization\"},\"articleSection\":[\"Blog\"],\"inLanguage\":\"de\",\"potentialAction\":[{\"@type\":\"CommentAction\",\"name\":\"Comment\",\"target\":[\"http:\\\/\\\/sashomestaging.com\\\/de\\\/festas-do-mar-em-cascais-2026-o-melhor-do-verao\\\/#respond\"]}]},{\"@type\":\"WebPage\",\"@id\":\"http:\\\/\\\/sashomestaging.com\\\/de\\\/festas-do-mar-em-cascais-2026-o-melhor-do-verao\\\/\",\"url\":\"http:\\\/\\\/sashomestaging.com\\\/de\\\/festas-do-mar-em-cascais-2026-o-melhor-do-verao\\\/\",\"name\":\"Festas do Mar em Cascais 2026 o Melhor do Ver\u00e3o - SAS Homestaging GmbH\",\"isPartOf\":{\"@id\":\"https:\\\/\\\/sashomestaging.com\\\/#website\"},\"datePublished\":\"2026-09-04T13:02:49+00:00\",\"dateModified\":\"2026-09-04T13:03:46+00:00\",\"breadcrumb\":{\"@id\":\"http:\\\/\\\/sashomestaging.com\\\/de\\\/festas-do-mar-em-cascais-2026-o-melhor-do-verao\\\/#breadcrumb\"},\"inLanguage\":\"de\",\"potentialAction\":[{\"@type\":\"ReadAction\",\"target\":[\"http:\\\/\\\/sashomestaging.com\\\/de\\\/festas-do-mar-em-cascais-2026-o-melhor-do-verao\\\/\"]}]},{\"@type\":\"BreadcrumbList\",\"@id\":\"http:\\\/\\\/sashomestaging.com\\\/de\\\/festas-do-mar-em-cascais-2026-o-melhor-do-verao\\\/#breadcrumb\",\"itemListElement\":[{\"@type\":\"ListItem\",\"position\":1,\"name\":\"Startseite\",\"item\":\"https:\\\/\\\/sashomestaging.com\\\/de\\\/\"},{\"@type\":\"ListItem\",\"position\":2,\"name\":\"Festas do Mar em Cascais 2026 o Melhor do Ver\u00e3o\"}]},{\"@type\":\"WebSite\",\"@id\":\"https:\\\/\\\/sashomestaging.com\\\/#website\",\"url\":\"https:\\\/\\\/sashomestaging.com\\\/\",\"name\":\"SAS Homestaging GmbH\",\"description\":\"Home Staging in Vorleistung\",\"publisher\":{\"@id\":\"https:\\\/\\\/sashomestaging.com\\\/#organization\"},\"potentialAction\":[{\"@type\":\"SearchAction\",\"target\":{\"@type\":\"EntryPoint\",\"urlTemplate\":\"https:\\\/\\\/sashomestaging.com\\\/?s={search_term_string}\"},\"query-input\":{\"@type\":\"PropertyValueSpecification\",\"valueRequired\":true,\"valueName\":\"search_term_string\"}}],\"inLanguage\":\"de\"},{\"@type\":\"Organization\",\"@id\":\"https:\\\/\\\/sashomestaging.com\\\/#organization\",\"name\":\"SAS Homestaging GmbH\",\"alternateName\":\"SAS Homestaging\",\"url\":\"https:\\\/\\\/sashomestaging.com\\\/\",\"logo\":{\"@type\":\"ImageObject\",\"inLanguage\":\"de\",\"@id\":\"https:\\\/\\\/sashomestaging.com\\\/#\\\/schema\\\/logo\\\/image\\\/\",\"url\":\"https:\\\/\\\/sashomestaging.com\\\/wp-content\\\/uploads\\\/2024\\\/03\\\/SAS-Homestaging-02-scaled-e1709830361457.jpg\",\"contentUrl\":\"https:\\\/\\\/sashomestaging.com\\\/wp-content\\\/uploads\\\/2024\\\/03\\\/SAS-Homestaging-02-scaled-e1709830361457.jpg\",\"width\":972,\"height\":1070,\"caption\":\"SAS Homestaging GmbH\"},\"image\":{\"@id\":\"https:\\\/\\\/sashomestaging.com\\\/#\\\/schema\\\/logo\\\/image\\\/\"},\"sameAs\":[\"https:\\\/\\\/www.facebook.com\\\/sashomestaging\",\"https:\\\/\\\/www.instagram.com\\\/sashomestaging\\\/\",\"https:\\\/\\\/www.linkedin.com\\\/company\\\/sas-homestaging-gmbh\\\/\",\"https:\\\/\\\/youtube.com\\\/@sashomestaging?si=klwRCZAZn8jrn5au\"]},{\"@type\":\"Person\",\"@id\":\"https:\\\/\\\/sashomestaging.com\\\/#\\\/schema\\\/person\\\/f31cc2f4c1ea59c6007b14c2598cfbb1\",\"name\":\"admin\",\"sameAs\":[\"https:\\\/\\\/sashomestaging.com\",\"https:\\\/\\\/www.facebook.com\\\/sashomestaging\",\"https:\\\/\\\/www.instagram.com\\\/sashomestaging\\\/\",\"https:\\\/\\\/www.linkedin.com\\\/company\\\/104519935\\\/admin\\\/dashboard\\\/\"],\"url\":\"https:\\\/\\\/sashomestaging.com\\\/de\\\/author\\\/admins\\\/\"}]}<\/script>\n<!-- \/ Yoast SEO plugin. -->","yoast_head_json":{"title":"Festas do Mar em Cascais 2026 o Melhor do Ver\u00e3o - SAS Homestaging GmbH","robots":{"index":"index","follow":"follow","max-snippet":"max-snippet:-1","max-image-preview":"max-image-preview:large","max-video-preview":"max-video-preview:-1"},"canonical":"http:\/\/sashomestaging.com\/de\/festas-do-mar-em-cascais-2026-o-melhor-do-verao\/","og_locale":"de_DE","og_type":"article","og_title":"Festas do Mar em Cascais 2026 o Melhor do Ver\u00e3o - SAS Homestaging GmbH","og_description":"Festas do Mar em Cascais 2026 o Melhor do Ver\u00e3o No final de cada ver\u00e3o, a ba\u00eda de Cascais enche-se de m\u00fasica com as conhecidas Festas do Mar. Esta festa combina devo\u00e7\u00e3o e divers\u00e3o, tudo com entrada gratuita. Neste guia explicamos o essencial antes de ir. Realizadas junto ao mar, estas celebra\u00e7\u00f5es t\u00eam origem na...","og_url":"http:\/\/sashomestaging.com\/de\/festas-do-mar-em-cascais-2026-o-melhor-do-verao\/","og_site_name":"SAS Homestaging GmbH","article_publisher":"https:\/\/www.facebook.com\/sashomestaging","article_author":"https:\/\/www.facebook.com\/sashomestaging","article_published_time":"2026-09-04T13:02:49+00:00","article_modified_time":"2026-09-04T13:03:46+00:00","author":"admin","twitter_card":"summary_large_image","twitter_misc":{"Verfasst von":"admin","Gesch\u00e4tzte Lesezeit":"5\u00a0Minuten"},"schema":{"@context":"https:\/\/schema.org","@graph":[{"@type":"Article","@id":"http:\/\/sashomestaging.com\/de\/festas-do-mar-em-cascais-2026-o-melhor-do-verao\/#article","isPartOf":{"@id":"http:\/\/sashomestaging.com\/de\/festas-do-mar-em-cascais-2026-o-melhor-do-verao\/"},"author":{"name":"admin","@id":"https:\/\/sashomestaging.com\/#\/schema\/person\/f31cc2f4c1ea59c6007b14c2598cfbb1"},"headline":"Festas do Mar em Cascais 2026 o Melhor do Ver\u00e3o","datePublished":"2026-09-04T13:02:49+00:00","dateModified":"2026-09-04T13:03:46+00:00","mainEntityOfPage":{"@id":"http:\/\/sashomestaging.com\/de\/festas-do-mar-em-cascais-2026-o-melhor-do-verao\/"},"wordCount":921,"commentCount":0,"publisher":{"@id":"https:\/\/sashomestaging.com\/#organization"},"articleSection":["Blog"],"inLanguage":"de","potentialAction":[{"@type":"CommentAction","name":"Comment","target":["http:\/\/sashomestaging.com\/de\/festas-do-mar-em-cascais-2026-o-melhor-do-verao\/#respond"]}]},{"@type":"WebPage","@id":"http:\/\/sashomestaging.com\/de\/festas-do-mar-em-cascais-2026-o-melhor-do-verao\/","url":"http:\/\/sashomestaging.com\/de\/festas-do-mar-em-cascais-2026-o-melhor-do-verao\/","name":"Festas do Mar em Cascais 2026 o Melhor do Ver\u00e3o - SAS Homestaging GmbH","isPartOf":{"@id":"https:\/\/sashomestaging.com\/#website"},"datePublished":"2026-09-04T13:02:49+00:00","dateModified":"2026-09-04T13:03:46+00:00","breadcrumb":{"@id":"http:\/\/sashomestaging.com\/de\/festas-do-mar-em-cascais-2026-o-melhor-do-verao\/#breadcrumb"},"inLanguage":"de","potentialAction":[{"@type":"ReadAction","target":["http:\/\/sashomestaging.com\/de\/festas-do-mar-em-cascais-2026-o-melhor-do-verao\/"]}]},{"@type":"BreadcrumbList","@id":"http:\/\/sashomestaging.com\/de\/festas-do-mar-em-cascais-2026-o-melhor-do-verao\/#breadcrumb","itemListElement":[{"@type":"ListItem","position":1,"name":"Startseite","item":"https:\/\/sashomestaging.com\/de\/"},{"@type":"ListItem","position":2,"name":"Festas do Mar em Cascais 2026 o Melhor do Ver\u00e3o"}]},{"@type":"WebSite","@id":"https:\/\/sashomestaging.com\/#website","url":"https:\/\/sashomestaging.com\/","name":"SAS Homestaging GmbH","description":"Home Staging in Vorleistung","publisher":{"@id":"https:\/\/sashomestaging.com\/#organization"},"potentialAction":[{"@type":"SearchAction","target":{"@type":"EntryPoint","urlTemplate":"https:\/\/sashomestaging.com\/?s={search_term_string}"},"query-input":{"@type":"PropertyValueSpecification","valueRequired":true,"valueName":"search_term_string"}}],"inLanguage":"de"},{"@type":"Organization","@id":"https:\/\/sashomestaging.com\/#organization","name":"SAS Homestaging GmbH","alternateName":"SAS Homestaging","url":"https:\/\/sashomestaging.com\/","logo":{"@type":"ImageObject","inLanguage":"de","@id":"https:\/\/sashomestaging.com\/#\/schema\/logo\/image\/","url":"https:\/\/sashomestaging.com\/wp-content\/uploads\/2024\/03\/SAS-Homestaging-02-scaled-e1709830361457.jpg","contentUrl":"https:\/\/sashomestaging.com\/wp-content\/uploads\/2024\/03\/SAS-Homestaging-02-scaled-e1709830361457.jpg","width":972,"height":1070,"caption":"SAS Homestaging GmbH"},"image":{"@id":"https:\/\/sashomestaging.com\/#\/schema\/logo\/image\/"},"sameAs":["https:\/\/www.facebook.com\/sashomestaging","https:\/\/www.instagram.com\/sashomestaging\/","https:\/\/www.linkedin.com\/company\/sas-homestaging-gmbh\/","https:\/\/youtube.com\/@sashomestaging?si=klwRCZAZn8jrn5au"]},{"@type":"Person","@id":"https:\/\/sashomestaging.com\/#\/schema\/person\/f31cc2f4c1ea59c6007b14c2598cfbb1","name":"admin","sameAs":["https:\/\/sashomestaging.com","https:\/\/www.facebook.com\/sashomestaging","https:\/\/www.instagram.com\/sashomestaging\/","https:\/\/www.linkedin.com\/company\/104519935\/admin\/dashboard\/"],"url":"https:\/\/sashomestaging.com\/de\/author\/admins\/"}]}},"_links":{"self":[{"href":"https:\/\/sashomestaging.com\/de\/wp-json\/wp\/v2\/posts\/998241","targetHints":{"allow":["GET"]}}],"collection":[{"href":"https:\/\/sashomestaging.com\/de\/wp-json\/wp\/v2\/posts"}],"about":[{"href":"https:\/\/sashomestaging.com\/de\/wp-json\/wp\/v2\/types\/post"}],"author":[{"embeddable":true,"href":"https:\/\/sashomestaging.com\/de\/wp-json\/wp\/v2\/users\/1"}],"replies":[{"embeddable":true,"href":"https:\/\/sashomestaging.com\/de\/wp-json\/wp\/v2\/comments?post=998241"}],"version-history":[{"count":1,"href":"https:\/\/sashomestaging.com\/de\/wp-json\/wp\/v2\/posts\/998241\/revisions"}],"predecessor-version":[{"id":998242,"href":"https:\/\/sashomestaging.com\/de\/wp-json\/wp\/v2\/posts\/998241\/revisions\/998242"}],"wp:attachment":[{"href":"https:\/\/sashomestaging.com\/de\/wp-json\/wp\/v2\/media?parent=998241"}],"wp:term":[{"taxonomy":"category","embeddable":true,"href":"https:\/\/sashomestaging.com\/de\/wp-json\/wp\/v2\/categories?post=998241"},{"taxonomy":"post_tag","embeddable":true,"href":"https:\/\/sashomestaging.com\/de\/wp-json\/wp\/v2\/tags?post=998241"}],"curies":[{"name":"wp","href":"https:\/\/api.w.org\/{rel}","templated":true}]}}